{"id":10028,"date":"2023-07-17T13:49:24","date_gmt":"2023-07-17T11:49:24","guid":{"rendered":"https:\/\/brever.lu\/?p=10028"},"modified":"2023-07-17T13:53:03","modified_gmt":"2023-07-17T11:53:03","slug":"visite-de-la-ministre-de-lenvironnement-joelle-welfring","status":"publish","type":"post","link":"https:\/\/brever.lu\/fr\/visite-de-la-ministre-de-lenvironnement-joelle-welfring\/","title":{"rendered":"Visite de la ministre de l&rsquo;Environnement Jo\u00eblle Welfring"},"content":{"rendered":"<p>Le 10 juillet 2023, la ministre de l&rsquo;Environnement, Jo\u00eblle Welfring, \u00e9tait en visite dans notre scierie pour voir comment le bois r\u00e9gional est transform\u00e9 chez nous.<br \/>\n<em>copyright MECDD<\/em><\/p>\n<p><img decoding=\"async\" class=\"alignnone size-medium wp-image-10029\" src=\"https:\/\/brever.lu\/wp-content\/uploads\/2023\/07\/baussen-300x300.jpg\" alt=\"\" width=\"300\" height=\"300\" srcset=\"https:\/\/brever.lu\/wp-content\/uploads\/2023\/07\/baussen-300x300.jpg 300w, https:\/\/brever.lu\/wp-content\/uploads\/2023\/07\/baussen-1024x1024.jpg 1024w, https:\/\/brever.lu\/wp-content\/uploads\/2023\/07\/baussen-150x150.jpg 150w, https:\/\/brever.lu\/wp-content\/uploads\/2023\/07\/baussen-768x768.jpg 768w, https:\/\/brever.lu\/wp-content\/uploads\/2023\/07\/baussen-1536x1536.jpg 1536w, https:\/\/brever.lu\/wp-content\/uploads\/2023\/07\/baussen-2048x2048.jpg 2048w\" sizes=\"(max-width: 300px) 100vw, 300px\" \/> <img decoding=\"async\" class=\"alignnone size-medium wp-image-10032\" src=\"https:\/\/brever.lu\/wp-content\/uploads\/2023\/07\/Grupp-300x300.jpg\" alt=\"\" width=\"300\" height=\"300\" srcset=\"https:\/\/brever.lu\/wp-content\/uploads\/2023\/07\/Grupp-300x300.jpg 300w, https:\/\/brever.lu\/wp-content\/uploads\/2023\/07\/Grupp-1024x1024.jpg 1024w, https:\/\/brever.lu\/wp-content\/uploads\/2023\/07\/Grupp-150x150.jpg 150w, https:\/\/brever.lu\/wp-content\/uploads\/2023\/07\/Grupp-768x768.jpg 768w, https:\/\/brever.lu\/wp-content\/uploads\/2023\/07\/Grupp-1536x1536.jpg 1536w, https:\/\/brever.lu\/wp-content\/uploads\/2023\/07\/Grupp-2048x2048.jpg 2048w\" sizes=\"(max-width: 300px) 100vw, 300px\" \/> <img decoding=\"async\" class=\"alignnone size-medium wp-image-10035\" src=\"https:\/\/brever.lu\/wp-content\/uploads\/2023\/07\/Holz-kucken-300x300.jpg\" alt=\"\" width=\"300\" height=\"300\" srcset=\"https:\/\/brever.lu\/wp-content\/uploads\/2023\/07\/Holz-kucken-300x300.jpg 300w, https:\/\/brever.lu\/wp-content\/uploads\/2023\/07\/Holz-kucken-1024x1024.jpg 1024w, https:\/\/brever.lu\/wp-content\/uploads\/2023\/07\/Holz-kucken-150x150.jpg 150w, https:\/\/brever.lu\/wp-content\/uploads\/2023\/07\/Holz-kucken-768x768.jpg 768w, https:\/\/brever.lu\/wp-content\/uploads\/2023\/07\/Holz-kucken-1536x1536.jpg 1536w, https:\/\/brever.lu\/wp-content\/uploads\/2023\/07\/Holz-kucken-2048x2048.jpg 2048w\" sizes=\"(max-width: 300px) 100vw, 300px\" \/> <img decoding=\"async\" class=\"alignnone size-medium wp-image-10038\" src=\"https:\/\/brever.lu\/wp-content\/uploads\/2023\/07\/Kontrollraum-300x300.jpg\" alt=\"\" width=\"300\" height=\"300\" srcset=\"https:\/\/brever.lu\/wp-content\/uploads\/2023\/07\/Kontrollraum-300x300.jpg 300w, https:\/\/brever.lu\/wp-content\/uploads\/2023\/07\/Kontrollraum-1024x1024.jpg 1024w, https:\/\/brever.lu\/wp-content\/uploads\/2023\/07\/Kontrollraum-150x150.jpg 150w, https:\/\/brever.lu\/wp-content\/uploads\/2023\/07\/Kontrollraum-768x768.jpg 768w, https:\/\/brever.lu\/wp-content\/uploads\/2023\/07\/Kontrollraum-1536x1536.jpg 1536w, https:\/\/brever.lu\/wp-content\/uploads\/2023\/07\/Kontrollraum-2048x2048.jpg 2048w\" sizes=\"(max-width: 300px) 100vw, 300px\" \/> <img decoding=\"async\" class=\"alignnone size-medium wp-image-10041\" src=\"https:\/\/brever.lu\/wp-content\/uploads\/2023\/07\/Kran-Holz-300x300.jpg\" alt=\"\" width=\"300\" height=\"300\" srcset=\"https:\/\/brever.lu\/wp-content\/uploads\/2023\/07\/Kran-Holz-300x300.jpg 300w, https:\/\/brever.lu\/wp-content\/uploads\/2023\/07\/Kran-Holz-1024x1024.jpg 1024w, https:\/\/brever.lu\/wp-content\/uploads\/2023\/07\/Kran-Holz-150x150.jpg 150w, https:\/\/brever.lu\/wp-content\/uploads\/2023\/07\/Kran-Holz-768x768.jpg 768w, https:\/\/brever.lu\/wp-content\/uploads\/2023\/07\/Kran-Holz-1536x1536.jpg 1536w, https:\/\/brever.lu\/wp-content\/uploads\/2023\/07\/Kran-Holz-2048x2048.jpg 2048w\" sizes=\"(max-width: 300px) 100vw, 300px\" \/> <img decoding=\"async\" class=\"alignnone size-medium wp-image-10044\" src=\"https:\/\/brever.lu\/wp-content\/uploads\/2023\/07\/Rene-Winkin-JW-300x300.jpg\" alt=\"\" width=\"300\" height=\"300\" srcset=\"https:\/\/brever.lu\/wp-content\/uploads\/2023\/07\/Rene-Winkin-JW-300x300.jpg 300w, https:\/\/brever.lu\/wp-content\/uploads\/2023\/07\/Rene-Winkin-JW-1024x1024.jpg 1024w, https:\/\/brever.lu\/wp-content\/uploads\/2023\/07\/Rene-Winkin-JW-150x150.jpg 150w, https:\/\/brever.lu\/wp-content\/uploads\/2023\/07\/Rene-Winkin-JW-768x768.jpg 768w, https:\/\/brever.lu\/wp-content\/uploads\/2023\/07\/Rene-Winkin-JW-1536x1536.jpg 1536w, https:\/\/brever.lu\/wp-content\/uploads\/2023\/07\/Rene-Winkin-JW-2048x2048.jpg 2048w\" sizes=\"(max-width: 300px) 100vw, 300px\" \/> <img decoding=\"async\" class=\"alignnone size-medium wp-image-10047\" src=\"https:\/\/brever.lu\/wp-content\/uploads\/2023\/07\/Trapen-225x300.jpg\" alt=\"\" width=\"225\" height=\"300\" srcset=\"https:\/\/brever.lu\/wp-content\/uploads\/2023\/07\/Trapen-225x300.jpg 225w, https:\/\/brever.lu\/wp-content\/uploads\/2023\/07\/Trapen-769x1024.jpg 769w, https:\/\/brever.lu\/wp-content\/uploads\/2023\/07\/Trapen-768x1023.jpg 768w, https:\/\/brever.lu\/wp-content\/uploads\/2023\/07\/Trapen-1153x1536.jpg 1153w, https:\/\/brever.lu\/wp-content\/uploads\/2023\/07\/Trapen-1538x2048.jpg 1538w, https:\/\/brever.lu\/wp-content\/uploads\/2023\/07\/Trapen-scaled.jpg 1922w\" sizes=\"(max-width: 225px) 100vw, 225px\" \/><\/p>\n","protected":false},"excerpt":{"rendered":"<p>Le 10 juillet 2023, la ministre de l&rsquo;Environnement, Jo\u00eblle Welfring, \u00e9tait en visite dans notre scierie pour voir comment le bois r\u00e9gional est transform\u00e9 chez nous. copyright MECDD<\/p>\n","protected":false},"author":2,"featured_media":0,"comment_status":"closed","ping_status":"open","sticky":false,"template":"","format":"standard","meta":{"_acf_changed":false,"footnotes":""},"categories":[1],"tags":[],"class_list":["post-10028","post","type-post","status-publish","format-standard","hentry","category-non-classifiee"],"acf":[],"yoast_head":"<!-- This site is optimized with the Yoast SEO plugin v28.4 - https:\/\/yoast.com\/product\/yoast-seo-wordpress\/ -->\n<title>Visite de la ministre de l&#039;Environnement Jo\u00eblle Welfring - BOIS BREVER S.A.<\/title>\n<meta name=\"robots\" content=\"noindex, follow\" \/>\n<meta property=\"og:locale\" content=\"fr_FR\" \/>\n<meta property=\"og:type\" content=\"article\" \/>\n<meta property=\"og:title\" content=\"Visite de la ministre de l&#039;Environnement Jo\u00eblle Welfring - BOIS BREVER S.A.\" \/>\n<meta property=\"og:description\" content=\"Le 10 juillet 2023, la ministre de l&rsquo;Environnement, Jo\u00eblle Welfring, \u00e9tait en visite dans notre scierie pour voir comment le bois r\u00e9gional est transform\u00e9 chez nous. copyright MECDD\" \/>\n<meta property=\"og:url\" content=\"https:\/\/brever.lu\/fr\/visite-de-la-ministre-de-lenvironnement-joelle-welfring\/\" \/>\n<meta property=\"og:site_name\" content=\"BOIS BREVER S.A.\" \/>\n<meta property=\"article:published_time\" content=\"2023-07-17T11:49:24+00:00\" \/>\n<meta property=\"article:modified_time\" content=\"2023-07-17T11:53:03+00:00\" \/>\n<meta property=\"og:image\" content=\"https:\/\/brever.lu\/wp-content\/uploads\/2023\/07\/baussen-300x300.jpg\" \/>\n<meta name=\"author\" content=\"Client\" \/>\n<meta name=\"twitter:card\" content=\"summary_large_image\" \/>\n<meta name=\"twitter:label1\" content=\"\u00c9crit par\" \/>\n\t<meta name=\"twitter:data1\" content=\"Client\" \/>\n<script type=\"application\/ld+json\" class=\"yoast-schema-graph\">{\"@context\":\"https:\\\/\\\/schema.org\",\"@graph\":[{\"@type\":\"Article\",\"@id\":\"https:\\\/\\\/brever.lu\\\/fr\\\/visite-de-la-ministre-de-lenvironnement-joelle-welfring\\\/#article\",\"isPartOf\":{\"@id\":\"https:\\\/\\\/brever.lu\\\/fr\\\/visite-de-la-ministre-de-lenvironnement-joelle-welfring\\\/\"},\"author\":{\"name\":\"Client\",\"@id\":\"https:\\\/\\\/brever.lu\\\/#\\\/schema\\\/person\\\/ace93a385274166d0a2b1f1a861a2c2d\"},\"headline\":\"Visite de la ministre de l&rsquo;Environnement Jo\u00eblle Welfring\",\"datePublished\":\"2023-07-17T11:49:24+00:00\",\"dateModified\":\"2023-07-17T11:53:03+00:00\",\"mainEntityOfPage\":{\"@id\":\"https:\\\/\\\/brever.lu\\\/fr\\\/visite-de-la-ministre-de-lenvironnement-joelle-welfring\\\/\"},\"wordCount\":39,\"image\":{\"@id\":\"https:\\\/\\\/brever.lu\\\/fr\\\/visite-de-la-ministre-de-lenvironnement-joelle-welfring\\\/#primaryimage\"},\"thumbnailUrl\":\"https:\\\/\\\/brever.lu\\\/wp-content\\\/uploads\\\/2023\\\/07\\\/baussen-300x300.jpg\",\"articleSection\":[\"Non classifi\u00e9(e)\"],\"inLanguage\":\"fr-FR\"},{\"@type\":\"WebPage\",\"@id\":\"https:\\\/\\\/brever.lu\\\/fr\\\/visite-de-la-ministre-de-lenvironnement-joelle-welfring\\\/\",\"url\":\"https:\\\/\\\/brever.lu\\\/fr\\\/visite-de-la-ministre-de-lenvironnement-joelle-welfring\\\/\",\"name\":\"Visite de la ministre de l'Environnement Jo\u00eblle Welfring - BOIS BREVER S.A.\",\"isPartOf\":{\"@id\":\"https:\\\/\\\/brever.lu\\\/#website\"},\"primaryImageOfPage\":{\"@id\":\"https:\\\/\\\/brever.lu\\\/fr\\\/visite-de-la-ministre-de-lenvironnement-joelle-welfring\\\/#primaryimage\"},\"image\":{\"@id\":\"https:\\\/\\\/brever.lu\\\/fr\\\/visite-de-la-ministre-de-lenvironnement-joelle-welfring\\\/#primaryimage\"},\"thumbnailUrl\":\"https:\\\/\\\/brever.lu\\\/wp-content\\\/uploads\\\/2023\\\/07\\\/baussen-300x300.jpg\",\"datePublished\":\"2023-07-17T11:49:24+00:00\",\"dateModified\":\"2023-07-17T11:53:03+00:00\",\"author\":{\"@id\":\"https:\\\/\\\/brever.lu\\\/#\\\/schema\\\/person\\\/ace93a385274166d0a2b1f1a861a2c2d\"},\"inLanguage\":\"fr-FR\",\"potentialAction\":[{\"@type\":\"ReadAction\",\"target\":[\"https:\\\/\\\/brever.lu\\\/fr\\\/visite-de-la-ministre-de-lenvironnement-joelle-welfring\\\/\"]}]},{\"@type\":\"ImageObject\",\"inLanguage\":\"fr-FR\",\"@id\":\"https:\\\/\\\/brever.lu\\\/fr\\\/visite-de-la-ministre-de-lenvironnement-joelle-welfring\\\/#primaryimage\",\"url\":\"https:\\\/\\\/brever.lu\\\/wp-content\\\/uploads\\\/2023\\\/07\\\/baussen-300x300.jpg\",\"contentUrl\":\"https:\\\/\\\/brever.lu\\\/wp-content\\\/uploads\\\/2023\\\/07\\\/baussen-300x300.jpg\"},{\"@type\":\"WebSite\",\"@id\":\"https:\\\/\\\/brever.lu\\\/#website\",\"url\":\"https:\\\/\\\/brever.lu\\\/\",\"name\":\"BOIS BREVER S.A.\",\"description\":\"Just another WordPress site\",\"potentialAction\":[{\"@type\":\"SearchAction\",\"target\":{\"@type\":\"EntryPoint\",\"urlTemplate\":\"https:\\\/\\\/brever.lu\\\/?s={search_term_string}\"},\"query-input\":{\"@type\":\"PropertyValueSpecification\",\"valueRequired\":true,\"valueName\":\"search_term_string\"}}],\"inLanguage\":\"fr-FR\"},{\"@type\":\"Person\",\"@id\":\"https:\\\/\\\/brever.lu\\\/#\\\/schema\\\/person\\\/ace93a385274166d0a2b1f1a861a2c2d\",\"name\":\"Client\",\"image\":{\"@type\":\"ImageObject\",\"inLanguage\":\"fr-FR\",\"@id\":\"https:\\\/\\\/secure.gravatar.com\\\/avatar\\\/86a0f96c14a9f6fae43a3cf649ade5fcdea717eb59461cb6adfe81ba9f458a39?s=96&d=mm&r=g\",\"url\":\"https:\\\/\\\/secure.gravatar.com\\\/avatar\\\/86a0f96c14a9f6fae43a3cf649ade5fcdea717eb59461cb6adfe81ba9f458a39?s=96&d=mm&r=g\",\"contentUrl\":\"https:\\\/\\\/secure.gravatar.com\\\/avatar\\\/86a0f96c14a9f6fae43a3cf649ade5fcdea717eb59461cb6adfe81ba9f458a39?s=96&d=mm&r=g\",\"caption\":\"Client\"}}]}<\/script>\n<!-- \/ Yoast SEO plugin. -->","yoast_head_json":{"title":"Visite de la ministre de l'Environnement Jo\u00eblle Welfring - BOIS BREVER S.A.","robots":{"index":"noindex","follow":"follow"},"og_locale":"fr_FR","og_type":"article","og_title":"Visite de la ministre de l'Environnement Jo\u00eblle Welfring - BOIS BREVER S.A.","og_description":"Le 10 juillet 2023, la ministre de l&rsquo;Environnement, Jo\u00eblle Welfring, \u00e9tait en visite dans notre scierie pour voir comment le bois r\u00e9gional est transform\u00e9 chez nous. copyright MECDD","og_url":"https:\/\/brever.lu\/fr\/visite-de-la-ministre-de-lenvironnement-joelle-welfring\/","og_site_name":"BOIS BREVER S.A.","article_published_time":"2023-07-17T11:49:24+00:00","article_modified_time":"2023-07-17T11:53:03+00:00","og_image":[{"url":"https:\/\/brever.lu\/wp-content\/uploads\/2023\/07\/baussen-300x300.jpg","type":"","width":"","height":""}],"author":"Client","twitter_card":"summary_large_image","twitter_misc":{"\u00c9crit par":"Client"},"schema":{"@context":"https:\/\/schema.org","@graph":[{"@type":"Article","@id":"https:\/\/brever.lu\/fr\/visite-de-la-ministre-de-lenvironnement-joelle-welfring\/#article","isPartOf":{"@id":"https:\/\/brever.lu\/fr\/visite-de-la-ministre-de-lenvironnement-joelle-welfring\/"},"author":{"name":"Client","@id":"https:\/\/brever.lu\/#\/schema\/person\/ace93a385274166d0a2b1f1a861a2c2d"},"headline":"Visite de la ministre de l&rsquo;Environnement Jo\u00eblle Welfring","datePublished":"2023-07-17T11:49:24+00:00","dateModified":"2023-07-17T11:53:03+00:00","mainEntityOfPage":{"@id":"https:\/\/brever.lu\/fr\/visite-de-la-ministre-de-lenvironnement-joelle-welfring\/"},"wordCount":39,"image":{"@id":"https:\/\/brever.lu\/fr\/visite-de-la-ministre-de-lenvironnement-joelle-welfring\/#primaryimage"},"thumbnailUrl":"https:\/\/brever.lu\/wp-content\/uploads\/2023\/07\/baussen-300x300.jpg","articleSection":["Non classifi\u00e9(e)"],"inLanguage":"fr-FR"},{"@type":"WebPage","@id":"https:\/\/brever.lu\/fr\/visite-de-la-ministre-de-lenvironnement-joelle-welfring\/","url":"https:\/\/brever.lu\/fr\/visite-de-la-ministre-de-lenvironnement-joelle-welfring\/","name":"Visite de la ministre de l'Environnement Jo\u00eblle Welfring - BOIS BREVER S.A.","isPartOf":{"@id":"https:\/\/brever.lu\/#website"},"primaryImageOfPage":{"@id":"https:\/\/brever.lu\/fr\/visite-de-la-ministre-de-lenvironnement-joelle-welfring\/#primaryimage"},"image":{"@id":"https:\/\/brever.lu\/fr\/visite-de-la-ministre-de-lenvironnement-joelle-welfring\/#primaryimage"},"thumbnailUrl":"https:\/\/brever.lu\/wp-content\/uploads\/2023\/07\/baussen-300x300.jpg","datePublished":"2023-07-17T11:49:24+00:00","dateModified":"2023-07-17T11:53:03+00:00","author":{"@id":"https:\/\/brever.lu\/#\/schema\/person\/ace93a385274166d0a2b1f1a861a2c2d"},"inLanguage":"fr-FR","potentialAction":[{"@type":"ReadAction","target":["https:\/\/brever.lu\/fr\/visite-de-la-ministre-de-lenvironnement-joelle-welfring\/"]}]},{"@type":"ImageObject","inLanguage":"fr-FR","@id":"https:\/\/brever.lu\/fr\/visite-de-la-ministre-de-lenvironnement-joelle-welfring\/#primaryimage","url":"https:\/\/brever.lu\/wp-content\/uploads\/2023\/07\/baussen-300x300.jpg","contentUrl":"https:\/\/brever.lu\/wp-content\/uploads\/2023\/07\/baussen-300x300.jpg"},{"@type":"WebSite","@id":"https:\/\/brever.lu\/#website","url":"https:\/\/brever.lu\/","name":"BOIS BREVER S.A.","description":"Just another WordPress site","potentialAction":[{"@type":"SearchAction","target":{"@type":"EntryPoint","urlTemplate":"https:\/\/brever.lu\/?s={search_term_string}"},"query-input":{"@type":"PropertyValueSpecification","valueRequired":true,"valueName":"search_term_string"}}],"inLanguage":"fr-FR"},{"@type":"Person","@id":"https:\/\/brever.lu\/#\/schema\/person\/ace93a385274166d0a2b1f1a861a2c2d","name":"Client","image":{"@type":"ImageObject","inLanguage":"fr-FR","@id":"https:\/\/secure.gravatar.com\/avatar\/86a0f96c14a9f6fae43a3cf649ade5fcdea717eb59461cb6adfe81ba9f458a39?s=96&d=mm&r=g","url":"https:\/\/secure.gravatar.com\/avatar\/86a0f96c14a9f6fae43a3cf649ade5fcdea717eb59461cb6adfe81ba9f458a39?s=96&d=mm&r=g","contentUrl":"https:\/\/secure.gravatar.com\/avatar\/86a0f96c14a9f6fae43a3cf649ade5fcdea717eb59461cb6adfe81ba9f458a39?s=96&d=mm&r=g","caption":"Client"}}]}},"_links":{"self":[{"href":"https:\/\/brever.lu\/fr\/wp-json\/wp\/v2\/posts\/10028","targetHints":{"allow":["GET"]}}],"collection":[{"href":"https:\/\/brever.lu\/fr\/wp-json\/wp\/v2\/posts"}],"about":[{"href":"https:\/\/brever.lu\/fr\/wp-json\/wp\/v2\/types\/post"}],"author":[{"embeddable":true,"href":"https:\/\/brever.lu\/fr\/wp-json\/wp\/v2\/users\/2"}],"replies":[{"embeddable":true,"href":"https:\/\/brever.lu\/fr\/wp-json\/wp\/v2\/comments?post=10028"}],"version-history":[{"count":0,"href":"https:\/\/brever.lu\/fr\/wp-json\/wp\/v2\/posts\/10028\/revisions"}],"wp:attachment":[{"href":"https:\/\/brever.lu\/fr\/wp-json\/wp\/v2\/media?parent=10028"}],"wp:term":[{"taxonomy":"category","embeddable":true,"href":"https:\/\/brever.lu\/fr\/wp-json\/wp\/v2\/categories?post=10028"},{"taxonomy":"post_tag","embeddable":true,"href":"https:\/\/brever.lu\/fr\/wp-json\/wp\/v2\/tags?post=10028"}],"curies":[{"name":"wp","href":"https:\/\/api.w.org\/{rel}","templated":true}]}}