{"id":1939,"date":"2022-02-24T10:23:17","date_gmt":"2022-02-24T08:23:17","guid":{"rendered":"https:\/\/brever.lu\/?p=1939"},"modified":"2022-05-30T14:21:18","modified_gmt":"2022-05-30T12:21:18","slug":"75-ans-bois-brever-s-a","status":"publish","type":"post","link":"https:\/\/brever.lu\/fr\/75-ans-bois-brever-s-a\/","title":{"rendered":"75 ans BOIS BREVER S.A."},"content":{"rendered":"<h2><strong>Cette ann\u00e9e, nous f\u00eatons le 75\u00e8me anniversaire de la scierie !<\/strong><br \/>\n<img decoding=\"async\" class=\"alignnone size-medium wp-image-1940\" src=\"https:\/\/brever.lu\/wp-content\/uploads\/2022\/02\/75-ans-BOIS-BREVER_mail-270x300.png\" alt=\"\" width=\"270\" height=\"300\" srcset=\"https:\/\/brever.lu\/wp-content\/uploads\/2022\/02\/75-ans-BOIS-BREVER_mail-270x300.png 270w, https:\/\/brever.lu\/wp-content\/uploads\/2022\/02\/75-ans-BOIS-BREVER_mail-923x1024.png 923w, https:\/\/brever.lu\/wp-content\/uploads\/2022\/02\/75-ans-BOIS-BREVER_mail-768x852.png 768w, https:\/\/brever.lu\/wp-content\/uploads\/2022\/02\/75-ans-BOIS-BREVER_mail-1384x1536.png 1384w, https:\/\/brever.lu\/wp-content\/uploads\/2022\/02\/75-ans-BOIS-BREVER_mail-1845x2048.png 1845w\" sizes=\"(max-width: 270px) 100vw, 270px\" \/><\/h2>\n<p><img decoding=\"async\" class=\"alignnone size-medium wp-image-1943\" src=\"https:\/\/brever.lu\/wp-content\/uploads\/2022\/02\/Image1-300x206.jpg\" alt=\"\" width=\"300\" height=\"206\" srcset=\"https:\/\/brever.lu\/wp-content\/uploads\/2022\/02\/Image1-300x206.jpg 300w, https:\/\/brever.lu\/wp-content\/uploads\/2022\/02\/Image1.jpg 480w\" sizes=\"(max-width: 300px) 100vw, 300px\" \/> <img decoding=\"async\" class=\"alignnone size-medium wp-image-1946\" src=\"https:\/\/brever.lu\/wp-content\/uploads\/2022\/02\/Image2-300x228.jpg\" alt=\"\" width=\"300\" height=\"228\" srcset=\"https:\/\/brever.lu\/wp-content\/uploads\/2022\/02\/Image2-300x228.jpg 300w, https:\/\/brever.lu\/wp-content\/uploads\/2022\/02\/Image2.jpg 480w\" sizes=\"(max-width: 300px) 100vw, 300px\" \/> <img decoding=\"async\" class=\"alignnone size-medium wp-image-1949\" src=\"https:\/\/brever.lu\/wp-content\/uploads\/2022\/02\/Image3-300x163.jpg\" alt=\"\" width=\"300\" height=\"163\" srcset=\"https:\/\/brever.lu\/wp-content\/uploads\/2022\/02\/Image3-300x163.jpg 300w, https:\/\/brever.lu\/wp-content\/uploads\/2022\/02\/Image3.jpg 482w\" sizes=\"(max-width: 300px) 100vw, 300px\" \/> <img decoding=\"async\" class=\"alignnone size-medium wp-image-1952\" src=\"https:\/\/brever.lu\/wp-content\/uploads\/2022\/02\/Image4-300x194.jpg\" alt=\"\" width=\"300\" height=\"194\" srcset=\"https:\/\/brever.lu\/wp-content\/uploads\/2022\/02\/Image4-300x194.jpg 300w, https:\/\/brever.lu\/wp-content\/uploads\/2022\/02\/Image4.jpg 480w\" sizes=\"(max-width: 300px) 100vw, 300px\" \/> <img decoding=\"async\" class=\"alignnone size-medium wp-image-1955\" src=\"https:\/\/brever.lu\/wp-content\/uploads\/2022\/02\/Image5-300x194.jpg\" alt=\"\" width=\"300\" height=\"194\" srcset=\"https:\/\/brever.lu\/wp-content\/uploads\/2022\/02\/Image5-300x194.jpg 300w, https:\/\/brever.lu\/wp-content\/uploads\/2022\/02\/Image5.jpg 480w\" sizes=\"(max-width: 300px) 100vw, 300px\" \/> <img decoding=\"async\" class=\"alignnone size-medium wp-image-1958\" src=\"https:\/\/brever.lu\/wp-content\/uploads\/2022\/02\/Image6-300x216.jpg\" alt=\"\" width=\"300\" height=\"216\" srcset=\"https:\/\/brever.lu\/wp-content\/uploads\/2022\/02\/Image6-300x216.jpg 300w, https:\/\/brever.lu\/wp-content\/uploads\/2022\/02\/Image6.jpg 480w\" sizes=\"(max-width: 300px) 100vw, 300px\" \/> <img decoding=\"async\" class=\"alignnone size-medium wp-image-1961\" src=\"https:\/\/brever.lu\/wp-content\/uploads\/2022\/02\/Image7-300x206.jpg\" alt=\"\" width=\"300\" height=\"206\" srcset=\"https:\/\/brever.lu\/wp-content\/uploads\/2022\/02\/Image7-300x206.jpg 300w, https:\/\/brever.lu\/wp-content\/uploads\/2022\/02\/Image7.jpg 480w\" sizes=\"(max-width: 300px) 100vw, 300px\" \/><\/p>\n","protected":false},"excerpt":{"rendered":"<p>Cette ann\u00e9e, nous f\u00eatons le 75\u00e8me anniversaire de la scierie !<\/p>\n","protected":false},"author":2,"featured_media":0,"comment_status":"closed","ping_status":"open","sticky":false,"template":"","format":"standard","meta":{"_acf_changed":false,"footnotes":""},"categories":[1],"tags":[],"acf":[],"yoast_head":"<!-- This site is optimized with the Yoast SEO plugin v22.7 - https:\/\/yoast.com\/wordpress\/plugins\/seo\/ -->\n<title>75 ans BOIS BREVER S.A. - BOIS BREVER S.A.<\/title>\n<meta name=\"robots\" content=\"noindex, follow\" \/>\n<meta property=\"og:locale\" content=\"fr_FR\" \/>\n<meta property=\"og:type\" content=\"article\" \/>\n<meta property=\"og:title\" content=\"75 ans BOIS BREVER S.A. - BOIS BREVER S.A.\" \/>\n<meta property=\"og:description\" content=\"Cette ann\u00e9e, nous f\u00eatons le 75\u00e8me anniversaire de la scierie !\" \/>\n<meta property=\"og:url\" content=\"https:\/\/brever.lu\/fr\/75-ans-bois-brever-s-a\/\" \/>\n<meta property=\"og:site_name\" content=\"BOIS BREVER S.A.\" \/>\n<meta property=\"article:published_time\" content=\"2022-02-24T08:23:17+00:00\" \/>\n<meta property=\"article:modified_time\" content=\"2022-05-30T12:21:18+00:00\" \/>\n<meta property=\"og:image\" content=\"https:\/\/brever.lu\/wp-content\/uploads\/2022\/02\/75-ans-BOIS-BREVER_mail-270x300.png\" \/>\n<meta name=\"author\" content=\"Client\" \/>\n<meta name=\"twitter:card\" content=\"summary_large_image\" \/>\n<meta name=\"twitter:label1\" content=\"\u00c9crit par\" \/>\n\t<meta name=\"twitter:data1\" content=\"Client\" \/>\n<script type=\"application\/ld+json\" class=\"yoast-schema-graph\">{\"@context\":\"https:\/\/schema.org\",\"@graph\":[{\"@type\":\"WebPage\",\"@id\":\"https:\/\/brever.lu\/fr\/75-ans-bois-brever-s-a\/\",\"url\":\"https:\/\/brever.lu\/fr\/75-ans-bois-brever-s-a\/\",\"name\":\"75 ans BOIS BREVER S.A. - BOIS BREVER S.A.\",\"isPartOf\":{\"@id\":\"https:\/\/brever.lu\/#website\"},\"primaryImageOfPage\":{\"@id\":\"https:\/\/brever.lu\/fr\/75-ans-bois-brever-s-a\/#primaryimage\"},\"image\":{\"@id\":\"https:\/\/brever.lu\/fr\/75-ans-bois-brever-s-a\/#primaryimage\"},\"thumbnailUrl\":\"https:\/\/brever.lu\/wp-content\/uploads\/2022\/02\/75-ans-BOIS-BREVER_mail-270x300.png\",\"datePublished\":\"2022-02-24T08:23:17+00:00\",\"dateModified\":\"2022-05-30T12:21:18+00:00\",\"author\":{\"@id\":\"https:\/\/brever.lu\/#\/schema\/person\/ace93a385274166d0a2b1f1a861a2c2d\"},\"inLanguage\":\"fr-FR\",\"potentialAction\":[{\"@type\":\"ReadAction\",\"target\":[\"https:\/\/brever.lu\/fr\/75-ans-bois-brever-s-a\/\"]}]},{\"@type\":\"ImageObject\",\"inLanguage\":\"fr-FR\",\"@id\":\"https:\/\/brever.lu\/fr\/75-ans-bois-brever-s-a\/#primaryimage\",\"url\":\"https:\/\/brever.lu\/wp-content\/uploads\/2022\/02\/75-ans-BOIS-BREVER_mail-270x300.png\",\"contentUrl\":\"https:\/\/brever.lu\/wp-content\/uploads\/2022\/02\/75-ans-BOIS-BREVER_mail-270x300.png\"},{\"@type\":\"WebSite\",\"@id\":\"https:\/\/brever.lu\/#website\",\"url\":\"https:\/\/brever.lu\/\",\"name\":\"BOIS BREVER S.A.\",\"description\":\"Just another WordPress site\",\"potentialAction\":[{\"@type\":\"SearchAction\",\"target\":{\"@type\":\"EntryPoint\",\"urlTemplate\":\"https:\/\/brever.lu\/?s={search_term_string}\"},\"query-input\":\"required name=search_term_string\"}],\"inLanguage\":\"fr-FR\"},{\"@type\":\"Person\",\"@id\":\"https:\/\/brever.lu\/#\/schema\/person\/ace93a385274166d0a2b1f1a861a2c2d\",\"name\":\"Client\",\"image\":{\"@type\":\"ImageObject\",\"inLanguage\":\"fr-FR\",\"@id\":\"https:\/\/brever.lu\/#\/schema\/person\/image\/\",\"url\":\"https:\/\/secure.gravatar.com\/avatar\/f83a0e4faaa0b65d5bd97f3bfc2ae5bc?s=96&d=mm&r=g\",\"contentUrl\":\"https:\/\/secure.gravatar.com\/avatar\/f83a0e4faaa0b65d5bd97f3bfc2ae5bc?s=96&d=mm&r=g\",\"caption\":\"Client\"}}]}<\/script>\n<!-- \/ Yoast SEO plugin. -->","yoast_head_json":{"title":"75 ans BOIS BREVER S.A. - BOIS BREVER S.A.","robots":{"index":"noindex","follow":"follow"},"og_locale":"fr_FR","og_type":"article","og_title":"75 ans BOIS BREVER S.A. - BOIS BREVER S.A.","og_description":"Cette ann\u00e9e, nous f\u00eatons le 75\u00e8me anniversaire de la scierie !","og_url":"https:\/\/brever.lu\/fr\/75-ans-bois-brever-s-a\/","og_site_name":"BOIS BREVER S.A.","article_published_time":"2022-02-24T08:23:17+00:00","article_modified_time":"2022-05-30T12:21:18+00:00","og_image":[{"url":"https:\/\/brever.lu\/wp-content\/uploads\/2022\/02\/75-ans-BOIS-BREVER_mail-270x300.png"}],"author":"Client","twitter_card":"summary_large_image","twitter_misc":{"\u00c9crit par":"Client"},"schema":{"@context":"https:\/\/schema.org","@graph":[{"@type":"WebPage","@id":"https:\/\/brever.lu\/fr\/75-ans-bois-brever-s-a\/","url":"https:\/\/brever.lu\/fr\/75-ans-bois-brever-s-a\/","name":"75 ans BOIS BREVER S.A. - BOIS BREVER S.A.","isPartOf":{"@id":"https:\/\/brever.lu\/#website"},"primaryImageOfPage":{"@id":"https:\/\/brever.lu\/fr\/75-ans-bois-brever-s-a\/#primaryimage"},"image":{"@id":"https:\/\/brever.lu\/fr\/75-ans-bois-brever-s-a\/#primaryimage"},"thumbnailUrl":"https:\/\/brever.lu\/wp-content\/uploads\/2022\/02\/75-ans-BOIS-BREVER_mail-270x300.png","datePublished":"2022-02-24T08:23:17+00:00","dateModified":"2022-05-30T12:21:18+00:00","author":{"@id":"https:\/\/brever.lu\/#\/schema\/person\/ace93a385274166d0a2b1f1a861a2c2d"},"inLanguage":"fr-FR","potentialAction":[{"@type":"ReadAction","target":["https:\/\/brever.lu\/fr\/75-ans-bois-brever-s-a\/"]}]},{"@type":"ImageObject","inLanguage":"fr-FR","@id":"https:\/\/brever.lu\/fr\/75-ans-bois-brever-s-a\/#primaryimage","url":"https:\/\/brever.lu\/wp-content\/uploads\/2022\/02\/75-ans-BOIS-BREVER_mail-270x300.png","contentUrl":"https:\/\/brever.lu\/wp-content\/uploads\/2022\/02\/75-ans-BOIS-BREVER_mail-270x300.png"},{"@type":"WebSite","@id":"https:\/\/brever.lu\/#website","url":"https:\/\/brever.lu\/","name":"BOIS BREVER S.A.","description":"Just another WordPress site","potentialAction":[{"@type":"SearchAction","target":{"@type":"EntryPoint","urlTemplate":"https:\/\/brever.lu\/?s={search_term_string}"},"query-input":"required name=search_term_string"}],"inLanguage":"fr-FR"},{"@type":"Person","@id":"https:\/\/brever.lu\/#\/schema\/person\/ace93a385274166d0a2b1f1a861a2c2d","name":"Client","image":{"@type":"ImageObject","inLanguage":"fr-FR","@id":"https:\/\/brever.lu\/#\/schema\/person\/image\/","url":"https:\/\/secure.gravatar.com\/avatar\/f83a0e4faaa0b65d5bd97f3bfc2ae5bc?s=96&d=mm&r=g","contentUrl":"https:\/\/secure.gravatar.com\/avatar\/f83a0e4faaa0b65d5bd97f3bfc2ae5bc?s=96&d=mm&r=g","caption":"Client"}}]}},"_links":{"self":[{"href":"https:\/\/brever.lu\/fr\/wp-json\/wp\/v2\/posts\/1939"}],"collection":[{"href":"https:\/\/brever.lu\/fr\/wp-json\/wp\/v2\/posts"}],"about":[{"href":"https:\/\/brever.lu\/fr\/wp-json\/wp\/v2\/types\/post"}],"author":[{"embeddable":true,"href":"https:\/\/brever.lu\/fr\/wp-json\/wp\/v2\/users\/2"}],"replies":[{"embeddable":true,"href":"https:\/\/brever.lu\/fr\/wp-json\/wp\/v2\/comments?post=1939"}],"version-history":[{"count":0,"href":"https:\/\/brever.lu\/fr\/wp-json\/wp\/v2\/posts\/1939\/revisions"}],"wp:attachment":[{"href":"https:\/\/brever.lu\/fr\/wp-json\/wp\/v2\/media?parent=1939"}],"wp:term":[{"taxonomy":"category","embeddable":true,"href":"https:\/\/brever.lu\/fr\/wp-json\/wp\/v2\/categories?post=1939"},{"taxonomy":"post_tag","embeddable":true,"href":"https:\/\/brever.lu\/fr\/wp-json\/wp\/v2\/tags?post=1939"}],"curies":[{"name":"wp","href":"https:\/\/api.w.org\/{rel}","templated":true}]}}